[{"@context":"https:\/\/schema.org\/","@type":"Article","@id":"https:\/\/www.fadup.cz\/pohoda-v-rodine\/#Article","mainEntityOfPage":"https:\/\/www.fadup.cz\/pohoda-v-rodine\/","headline":"Pohoda v rodin\u011b","name":"Pohoda v rodin\u011b","description":"Mysl\u00edm si, \u017ee kdy\u017e by \u010dlov\u011bk udr\u017eel opravdu p\u011bkn\u00e9 vztahy, tak je to jenom pro jeho dobro. Proto\u017ee j\u00e1 tak\u00e9 [&hellip;]","datePublished":"2023-02-28","dateModified":"2023-05-05","author":{"@type":"Person","@id":"https:\/\/www.fadup.cz\/author\/#Person","name":"","url":"https:\/\/www.fadup.cz\/author\/","identifier":1,"image":{"@type":"ImageObject","@id":"https:\/\/secure.gravatar.com\/avatar\/014a645f9f16d49aceddb25e316448c724bd78e7db0ee7a34c29417d5ca39ef1?s=96&d=mm&r=g","url":"https:\/\/secure.gravatar.com\/avatar\/014a645f9f16d49aceddb25e316448c724bd78e7db0ee7a34c29417d5ca39ef1?s=96&d=mm&r=g","height":96,"width":96}},"publisher":{"@type":"Organization","name":"fadup.cz","logo":{"@type":"ImageObject","@id":"\/logo.png","url":"\/logo.png","width":600,"height":60}},"image":{"@type":"ImageObject","@id":"https:\/\/www.fadup.cz\/wp-content\/uploads\/sport-g822b9cf1d_640.jpg","url":"https:\/\/www.fadup.cz\/wp-content\/uploads\/sport-g822b9cf1d_640.jpg","height":0,"width":0},"url":"https:\/\/www.fadup.cz\/pohoda-v-rodine\/","about":["Vztahy"],"wordCount":410,"articleBody":"Mysl\u00edm si, \u017ee kdy\u017e by \u010dlov\u011bk udr\u017eel opravdu p\u011bkn\u00e9 vztahy, tak je to jenom pro jeho dobro. Proto\u017ee j\u00e1 tak\u00e9 v\u00edm, \u017ee kdy\u017e \u010dlov\u011bk m\u00e1 opravdu \u0161patn\u00e9 vztahy, a to hlavn\u011b v rodin\u011b, tak je potom \u010dlov\u011bk velice takov\u00fd nevrl\u00fd a m\u00e1 \u0161patnou n\u00e1ladu, a to skoro a\u017e\u00a0nonstop. Tohle v\u0161echno v\u00edm sama za sebe, proto\u017ee si taky vzpom\u00edn\u00e1m, jak jsem jednou m\u011bla velice \u0161patn\u00e9 vztahy se sv\u00fdm otcem. My dva jsme se st\u00e1le h\u00e1dali. A mus\u00edm \u0159\u00edct, \u017ee zbytek rodiny, hlavn\u011b tedy m\u00e1ma, z toho m\u011bla opravdu velik\u00e9 nervy a st\u00e1le to pova\u017eovala za velk\u00e9 drama. A j\u00e1 se j\u00ed ani nediv\u00edm, proto\u017ee kdy\u017e si to tak zp\u011btn\u011b uv\u011bdomuji a mysl\u00edm na to, tak je potom logick\u00e9, \u017ee to muselo b\u00fdt opravdu pro zbytek rodiny velice t\u011b\u017ek\u00e9.Proto si \u0159\u00edk\u00e1m, \u017ee bych si p\u0159\u00e1la, aby jenom hlavn\u011b vztahy v rodin\u011b byly opravdu perfektn\u00ed. Nemus\u00ed b\u00fdt\u00a0tedy\u00a0sice \u00fapln\u011b dokonale a stoprocentn\u011b bezchybn\u00e9, proto\u017ee je logick\u00e9, \u017ee ka\u017ed\u00fd \u010dlov\u011bk se n\u011bkdy poh\u00e1d\u00e1 s n\u011bk\u00fdm v rodin\u011b nebo okol\u00ed. A tohle plat\u00ed samoz\u0159ejm\u011b i v rodin\u011b. A pokud je v rodin\u011b v jednom dom\u011b opravdu hodn\u011b \u010dlen\u016f, tak je potom velice pravd\u011bpodobn\u011b, \u017ee se potom taky n\u011bkdy na\u0161tvou anebo se poh\u00e1daj\u00ed. Jak jsem se tehdy h\u00e1dala s otcem, tak taky se n\u011bkdy chytnu svou m\u00e1mou, proto\u017ee udr\u017eet opravdu vztahy bez mr\u00e1\u010dku v rodin\u011b\u00a0nonstop, tak to opravdu nejde. Kolikr\u00e1t si \u0159\u00edk\u00e1m, \u017ee se t\u0159eba n\u011bkdo nebav\u00ed spolu u\u017e tak dlouho, \u017ee ty vztahy jsou tak naru\u0161en\u00e9, \u017ee se lid\u00e9 v rodin\u011b t\u0159eba nesn\u00e1\u0161\u00ed. A to potom dopad\u00e1 tak, \u017ee rodina je potom ve stresu, nev\u00ed v\u016fbec s k\u00fdm se m\u00e1 bavit anebo koho se zastat. Nejh\u016f\u0159e jsou na tom pak takov\u00ed ti\u00a0prost\u0159edn\u00edci, kte\u0159\u00ed si v\u017edycky musej\u00ed vyb\u00edrat stranu, p\u0159i kter\u00e9 budou st\u00e1t a na kterou se vyka\u0161lal. To mus\u00ed b\u00fdt\u00a0t\u011b\u017ek\u00e9\u00a0rozhodov\u00e1n\u00ed! A opravdu v takov\u00e9 situaci bych necht\u011bla nikdy b\u00fdt. Proto rad\u011bji udr\u017euji takov\u00e9 p\u0159\u00edjemn\u00e9 a klidn\u00e9 vztahy se v\u0161emi, abych se nemusela stresovat, \u017ee by byl n\u011bkdo na\u0161tvan\u00fd.\u00a0                                                                                                                                                                                                                                                                                                                                                                                        4\/5 - (4 votes)        "},{"@context":"https:\/\/schema.org\/","@type":"BreadcrumbList","itemListElement":[{"@type":"ListItem","position":1,"name":"Pohoda v rodin\u011b","item":"https:\/\/www.fadup.cz\/pohoda-v-rodine\/#breadcrumbitem"}]}]